{"id":444,"date":"2022-08-16T21:43:00","date_gmt":"2022-08-16T21:43:00","guid":{"rendered":"https:\/\/artigonews.com\/?p=444"},"modified":"2026-03-04T21:45:32","modified_gmt":"2026-03-04T21:45:32","slug":"co-se-stane-s-daty-po-odinstalovani-aplikace","status":"publish","type":"post","link":"https:\/\/artigonews.com\/cs\/o-que-acontece-com-os-dados-quando-um-aplicativo-e-desinstalado\/","title":{"rendered":"Co se stane s daty po odinstalov\u00e1n\u00ed aplikace?"},"content":{"rendered":"<p>Odinstalace aplikace je b\u011b\u017en\u00fd \u00fakon p\u0159i ka\u017edodenn\u00edm pou\u017e\u00edv\u00e1n\u00ed mobiln\u00edho telefonu. Mnoho lid\u00ed odstra\u0148uje aplikace, aby uvolnili m\u00edsto, zlep\u0161ili v\u00fdkon za\u0159\u00edzen\u00ed nebo jednodu\u0161e proto, \u017ee ji\u017e nepou\u017e\u00edvaj\u00ed ur\u010ditou slu\u017ebu. Kdy\u017e je v\u0161ak aplikace ze za\u0159\u00edzen\u00ed odebr\u00e1na, mnoho lid\u00ed si klade ot\u00e1zku, co se vlastn\u011b stane s daty, kter\u00e1 jsou s n\u00ed spojena.<\/p>\n\n\n\n<p>Odpov\u011b\u010f nen\u00ed \u00fapln\u011b jednoduch\u00e1, proto\u017ee c\u00edl dat z\u00e1vis\u00ed na n\u011bkolika faktorech, nap\u0159\u00edklad na tom, jak byla aplikace vyvinuta, zda pou\u017e\u00edv\u00e1 lok\u00e1ln\u00ed \u00falo\u017ei\u0161t\u011b nebo internetov\u00e9 servery a jak\u00e1 opr\u00e1vn\u011bn\u00ed u\u017eivatel b\u011bhem pou\u017e\u00edv\u00e1n\u00ed ud\u011blil.<\/p>\n\n\n\n<h2 class=\"wp-block-heading\">Odebr\u00e1n\u00ed aplikace ze syst\u00e9mu.<\/h2>\n\n\n\n<p>P\u0159i odinstalaci aplikace opera\u010dn\u00ed syst\u00e9m odstran\u00ed z\u00e1kladn\u00ed soubory programu.<\/p>\n\n\n\n<p>Tyto soubory obsahuj\u00ed k\u00f3d aplikace, grafick\u00e9 prost\u0159edky, intern\u00ed komponenty a knihovny pou\u017e\u00edvan\u00e9 pro jej\u00ed provoz. Tento proces uvol\u0148uje \u00falo\u017en\u00fd prostor v za\u0159\u00edzen\u00ed.<\/p>\n\n\n\n<p>Po odebr\u00e1n\u00ed se aplikace ji\u017e nebude zobrazovat v seznamu nainstalovan\u00fdch aplikac\u00ed.<\/p>\n\n\n\n<h2 class=\"wp-block-heading\">Smaz\u00e1n\u00ed lok\u00e1ln\u011b ulo\u017een\u00fdch dat<\/h2>\n\n\n\n<p>Ve v\u011bt\u0161in\u011b p\u0159\u00edpad\u016f se tak\u00e9 sma\u017eou lok\u00e1ln\u011b ulo\u017een\u00e1 data.<\/p>\n\n\n\n<p>Pat\u0159\u00ed sem nastaven\u00ed aplikace, do\u010dasn\u00e9 soubory, mezipam\u011b\u0165 a dal\u0161\u00ed data vytvo\u0159en\u00e1 b\u011bhem pou\u017e\u00edv\u00e1n\u00ed. Tyto informace jsou obvykle ulo\u017eeny v ur\u010dit\u00e9 oblasti syst\u00e9mu spojen\u00e9 s danou aplikac\u00ed.<\/p>\n\n\n\n<p>Po odstran\u011bn\u00ed aplikace se tato slo\u017eka obvykle automaticky sma\u017ee.<\/p>\n\n\n\n<h2 class=\"wp-block-heading\">Odstran\u011bn\u00ed mezipam\u011bti aplikace<\/h2>\n\n\n\n<p>Mezipam\u011b\u0165 se skl\u00e1d\u00e1 z do\u010dasn\u00fdch soubor\u016f, kter\u00e9 se pou\u017e\u00edvaj\u00ed ke zrychlen\u00ed v\u00fdkonu aplikace.<\/p>\n\n\n\n<p>Tyto soubory mohou obsahovat obr\u00e1zky, data prohl\u00ed\u017een\u00ed nebo \u010d\u00e1sti d\u0159\u00edve nahran\u00e9ho obsahu.<\/p>\n\n\n\n<p>P\u0159i odinstalaci aplikace se sma\u017eou i tato do\u010dasn\u00e1 data.<\/p>\n\n\n\n<h2 class=\"wp-block-heading\">Soubory ulo\u017een\u00e9 mimo aplikaci<\/h2>\n\n\n\n<p>Ne v\u0161echny soubory vytvo\u0159en\u00e9 aplikac\u00ed jsou ulo\u017eeny ve vnit\u0159n\u00edm prostoru programu.<\/p>\n\n\n\n<p>Fotografie, videa nebo dokumenty generovan\u00e9 n\u011bkter\u00fdmi aplikacemi lze ukl\u00e1dat do obecn\u00fdch slo\u017eek v za\u0159\u00edzen\u00ed.<\/p>\n\n\n\n<p>Tyto soubory \u010dasto z\u016fst\u00e1vaj\u00ed v telefonu i po odinstalov\u00e1n\u00ed aplikace.<\/p>\n\n\n\n<h2 class=\"wp-block-heading\">Data ulo\u017een\u00e1 na extern\u00edch serverech<\/h2>\n\n\n\n<p>Mnoho modern\u00edch aplikac\u00ed pou\u017e\u00edv\u00e1 k ukl\u00e1d\u00e1n\u00ed dat servery na internetu.<\/p>\n\n\n\n<p>Informace, jako jsou zpr\u00e1vy, preference, historie pou\u017e\u00edv\u00e1n\u00ed nebo osobn\u00ed obsah, lze ukl\u00e1dat do cloudu.<\/p>\n\n\n\n<p>V tomto p\u0159\u00edpad\u011b odinstalace aplikace tato data ze server\u016f neodstran\u00ed.<\/p>\n\n\n\n<h2 class=\"wp-block-heading\">\u00da\u010dty propojen\u00e9 s aplikac\u00ed<\/h2>\n\n\n\n<p>Pokud si u\u017eivatel v aplikaci vytvo\u0159il \u00fa\u010det, tento \u00fa\u010det obvykle z\u016fst\u00e1v\u00e1 aktivn\u00ed.<\/p>\n\n\n\n<p>Data spojen\u00e1 s profilem z\u016fst\u00e1vaj\u00ed ulo\u017eena v syst\u00e9mech spole\u010dnosti odpov\u011bdn\u00e9 za aplikaci.<\/p>\n\n\n\n<p>Pokud u\u017eivatel aplikaci znovu nainstaluje a znovu se p\u0159ihl\u00e1s\u00ed, lze informace obnovit.<\/p>\n\n\n\n<h2 class=\"wp-block-heading\">Synchronizace s online slu\u017ebami<\/h2>\n\n\n\n<p>N\u011bkter\u00e9 aplikace synchronizuj\u00ed data s extern\u00edmi slu\u017ebami.<\/p>\n\n\n\n<p>To zahrnuje kontakty, soubory, pozn\u00e1mky nebo kalend\u00e1\u0159e, kter\u00e9 mohou b\u00fdt propojeny s online \u00fa\u010dty.<\/p>\n\n\n\n<p>I po odinstalov\u00e1n\u00ed aplikace z\u016fst\u00e1vaj\u00ed tato data ulo\u017eena ve vzd\u00e1len\u00e9 slu\u017eb\u011b.<\/p>\n\n\n\n<h2 class=\"wp-block-heading\">D\u0159\u00edve ud\u011blen\u00e1 opr\u00e1vn\u011bn\u00ed<\/h2>\n\n\n\n<p>Kdy\u017e je aplikace odstran\u011bna, jsou tak\u00e9 odebr\u00e1na opr\u00e1vn\u011bn\u00ed, kter\u00e1 j\u00ed byla ud\u011blena.<\/p>\n\n\n\n<p>To zahrnuje p\u0159\u00edstup k fotoapar\u00e1tu, mikrofonu, poloze nebo kontakt\u016fm.<\/p>\n\n\n\n<p>Proto\u017ee aplikace ji\u017e v syst\u00e9mu neexistuje, nem\u016f\u017ee k t\u011bmto zdroj\u016fm p\u0159istupovat.<\/p>\n\n\n\n<h2 class=\"wp-block-heading\">Ozn\u00e1men\u00ed a procesy na pozad\u00ed<\/h2>\n\n\n\n<p>Odinstalace aplikace tak\u00e9 zastav\u00ed v\u0161echny procesy, kter\u00e9 b\u011b\u017eely na pozad\u00ed.<\/p>\n\n\n\n<p>To znamen\u00e1, \u017ee aplikace p\u0159estane odes\u00edlat ozn\u00e1men\u00ed nebo prov\u00e1d\u011bt automatick\u00e9 aktualizace.<\/p>\n\n\n\n<p>Tento proces pom\u00e1h\u00e1 uvolnit syst\u00e9mov\u00e9 prost\u0159edky.<\/p>\n\n\n\n<h2 class=\"wp-block-heading\">P\u0159ihla\u0161ovac\u00ed \u00fadaje ulo\u017een\u00e9 v za\u0159\u00edzen\u00ed<\/h2>\n\n\n\n<p>N\u011bkter\u00e9 aplikace ukl\u00e1daj\u00ed p\u0159ihla\u0161ovac\u00ed \u00fadaje p\u0159\u00edmo do za\u0159\u00edzen\u00ed.<\/p>\n\n\n\n<p>Tyto informace lze pou\u017e\u00edt k usnadn\u011bn\u00ed p\u0159\u00edstupu ke slu\u017eb\u011b bez nutnosti op\u011btovn\u00e9ho zad\u00e1v\u00e1n\u00ed hesla.<\/p>\n\n\n\n<p>Kdy\u017e je aplikace odstran\u011bna, tato data jsou obvykle smaz\u00e1na spolu s n\u00ed.<\/p>\n\n\n\n<h2 class=\"wp-block-heading\">Data ulo\u017een\u00e1 v z\u00e1loze syst\u00e9mu.<\/h2>\n\n\n\n<p>N\u011bkter\u00e9 opera\u010dn\u00ed syst\u00e9my prov\u00e1d\u011bj\u00ed automatick\u00e9 z\u00e1lohov\u00e1n\u00ed aplikac\u00ed a dat.<\/p>\n\n\n\n<p>Pokud u\u017eivatel pozd\u011bji aplikaci znovu nainstaluje, n\u011bkter\u00e1 nastaven\u00ed se mohou automaticky obnovit.<\/p>\n\n\n\n<p>To z\u00e1vis\u00ed na nastaven\u00ed z\u00e1lohov\u00e1n\u00ed za\u0159\u00edzen\u00ed.<\/p>\n\n\n\n<h2 class=\"wp-block-heading\">Informace uchov\u00e1van\u00e9 propojen\u00fdmi slu\u017ebami<\/h2>\n\n\n\n<p>Pokud byla aplikace propojena s jin\u00fdmi slu\u017ebami, jako jsou e-mailov\u00e9 \u00fa\u010dty nebo medi\u00e1ln\u00ed platformy, n\u011bkter\u00e9 informace mohou v t\u011bchto slu\u017eb\u00e1ch z\u016fstat dostupn\u00e9.<\/p>\n\n\n\n<p>Tato data p\u0159\u00edmo nez\u00e1vis\u00ed na aplikaci nainstalovan\u00e9 v za\u0159\u00edzen\u00ed.<\/p>\n\n\n\n<h2 class=\"wp-block-heading\">Historie pou\u017e\u00edv\u00e1n\u00ed na serverech<\/h2>\n\n\n\n<p>Spole\u010dnosti odpov\u011bdn\u00e9 za aplikace mohou na sv\u00fdch serverech uchov\u00e1vat protokoly o pou\u017e\u00edv\u00e1n\u00ed.<\/p>\n\n\n\n<p>Tyto z\u00e1znamy mohou zahrnovat historii aktivit, preference nebo analytick\u00e1 data.<\/p>\n\n\n\n<p>Tyto informace obvykle z\u016fst\u00e1vaj\u00ed ulo\u017eeny i po odinstalov\u00e1n\u00ed aplikace.<\/p>\n\n\n\n<h2 class=\"wp-block-heading\">\u00dapln\u00e9 smaz\u00e1n\u00ed \u00fa\u010dtu<\/h2>\n\n\n\n<p>Pro \u00fapln\u00e9 odstran\u011bn\u00ed dat ze slu\u017eby je obvykle nutn\u00e9 smazat p\u0159idru\u017een\u00fd \u00fa\u010det.<\/p>\n\n\n\n<p>Odinstalac\u00ed aplikace se ze za\u0159\u00edzen\u00ed odstran\u00ed pouze software, ale ne nutn\u011b data ulo\u017een\u00e1 online.<\/p>\n\n\n\n<p>Smaz\u00e1n\u00ed \u00fa\u010dtu se obvykle prov\u00e1d\u00ed v nastaven\u00ed slu\u017eby.<\/p>\n\n\n\n<h2 class=\"wp-block-heading\">Rozd\u00edl mezi smaz\u00e1n\u00edm dat a odinstalac\u00ed.<\/h2>\n\n\n\n<p>N\u011bkter\u00e9 syst\u00e9my umo\u017e\u0148uj\u00ed smazat data aplikace bez jej\u00edho \u00fapln\u00e9ho odstran\u011bn\u00ed.<\/p>\n\n\n\n<p>Tato akce vyma\u017ee do\u010dasn\u00e1 nastaven\u00ed a soubory, ale aplikace z\u016fstane nainstalovan\u00e1.<\/p>\n\n\n\n<p>Odinstalac\u00ed aplikace se software ze za\u0159\u00edzen\u00ed zcela odstran\u00ed.<\/p>\n\n\n\n<h2 class=\"wp-block-heading\">Data sd\u00edlen\u00e1 s jin\u00fdmi aplikacemi<\/h2>\n\n\n\n<p>V n\u011bkter\u00fdch p\u0159\u00edpadech mohou aplikace sd\u00edlet data s jin\u00fdmi slu\u017ebami.<\/p>\n\n\n\n<p>Pokud tyto informace ji\u017e byly p\u0159eneseny do jin\u00fdch aplikac\u00ed nebo \u00fa\u010dt\u016f, v t\u011bchto prost\u0159ed\u00edch nad\u00e1le existuj\u00ed.<\/p>\n\n\n\n<p>Odinstalace nem\u00e1 vliv na tato sd\u00edlen\u00e1 data.<\/p>\n\n\n\n<h2 class=\"wp-block-heading\">Cloudov\u00e9 \u00falo\u017ei\u0161t\u011b a kontinuita slu\u017eeb<\/h2>\n\n\n\n<p>Mnoho aplikac\u00ed vyu\u017e\u00edv\u00e1 cloudov\u00e9 \u00falo\u017ei\u0161t\u011b k zaji\u0161t\u011bn\u00ed kontinuity nap\u0159\u00ed\u010d za\u0159\u00edzen\u00edmi.<\/p>\n\n\n\n<p>To znamen\u00e1, \u017ee data z\u016fstanou k dispozici i bez instalace aplikace.<\/p>\n\n\n\n<p>Tento p\u0159\u00edstup umo\u017e\u0148uje u\u017eivateli pozd\u011bji pokra\u010dovat v pou\u017e\u00edv\u00e1n\u00ed slu\u017eby.<\/p>\n\n\n\n<h2 class=\"wp-block-heading\">D\u016fle\u017eitost spr\u00e1vy osobn\u00edch \u00fadaj\u016f<\/h2>\n\n\n\n<p>Pochopen\u00ed toho, jak jsou data ukl\u00e1d\u00e1na, pom\u00e1h\u00e1 u\u017eivatel\u016fm \u010dinit informovan\u011bj\u0161\u00ed rozhodnut\u00ed.<\/p>\n\n\n\n<p>Pokud je c\u00edlem zcela odstranit informace spojen\u00e9 s aplikac\u00ed, m\u016f\u017ee b\u00fdt nutn\u00e9 zkontrolovat nastaven\u00ed \u00fa\u010dtu nebo po\u017e\u00e1dat o smaz\u00e1n\u00ed dat.<\/p>\n\n\n\n<p>Tento krok zaji\u0161\u0165uje v\u011bt\u0161\u00ed kontrolu nad osobn\u00edmi \u00fadaji.<\/p>\n\n\n\n<h2 class=\"wp-block-heading\">Co se vlastn\u011b stane po odinstalaci?<\/h2>\n\n\n\n<p>Kdy\u017e je aplikace odinstalov\u00e1na, jej\u00ed soubory a lok\u00e1ln\u00ed data jsou obvykle ze za\u0159\u00edzen\u00ed odstran\u011bny, \u010d\u00edm\u017e se uvoln\u00ed m\u00edsto a zastav\u00ed jej\u00ed provoz. Informace ulo\u017een\u00e9 na online serverech, u\u017eivatelsk\u00fdch \u00fa\u010dtech a p\u0159ipojen\u00fdch slu\u017eb\u00e1ch v\u0161ak mohou i po odstran\u011bn\u00ed aplikace nad\u00e1le existovat. Toto rozli\u0161en\u00ed ukazuje, \u017ee odinstalace aplikace je pouze sou\u010d\u00e1st\u00ed procesu, pokud je c\u00edlem spravovat nebo zcela odstranit data spojen\u00e1 s digit\u00e1ln\u00ed slu\u017ebou.<\/p>","protected":false},"excerpt":{"rendered":"<p>Desinstalar um aplicativo \u00e9 uma a\u00e7\u00e3o comum no uso di\u00e1rio do celular. Muitas pessoas removem apps para liberar espa\u00e7o, melhorar o desempenho do aparelho ou simplesmente porque n\u00e3o utilizam mais determinado servi\u00e7o. No entanto, quando um aplicativo \u00e9 removido do dispositivo, muita gente se pergunta o que realmente acontece com os dados associados a ele. [&hellip;]<\/p>\n","protected":false},"author":1,"featured_media":445,"comment_status":"open","ping_status":"open","sticky":false,"template":"","format":"standard","meta":{"footnotes":""},"categories":[32],"tags":[],"class_list":{"0":"post-444","1":"post","2":"type-post","3":"status-publish","4":"format-standard","5":"has-post-thumbnail","7":"category-curiosidades"},"_links":{"self":[{"href":"https:\/\/artigonews.com\/cs\/wp-json\/wp\/v2\/posts\/444","targetHints":{"allow":["GET"]}}],"collection":[{"href":"https:\/\/artigonews.com\/cs\/wp-json\/wp\/v2\/posts"}],"about":[{"href":"https:\/\/artigonews.com\/cs\/wp-json\/wp\/v2\/types\/post"}],"author":[{"embeddable":true,"href":"https:\/\/artigonews.com\/cs\/wp-json\/wp\/v2\/users\/1"}],"replies":[{"embeddable":true,"href":"https:\/\/artigonews.com\/cs\/wp-json\/wp\/v2\/comments?post=444"}],"version-history":[{"count":1,"href":"https:\/\/artigonews.com\/cs\/wp-json\/wp\/v2\/posts\/444\/revisions"}],"predecessor-version":[{"id":446,"href":"https:\/\/artigonews.com\/cs\/wp-json\/wp\/v2\/posts\/444\/revisions\/446"}],"wp:featuredmedia":[{"embeddable":true,"href":"https:\/\/artigonews.com\/cs\/wp-json\/wp\/v2\/media\/445"}],"wp:attachment":[{"href":"https:\/\/artigonews.com\/cs\/wp-json\/wp\/v2\/media?parent=444"}],"wp:term":[{"taxonomy":"category","embeddable":true,"href":"https:\/\/artigonews.com\/cs\/wp-json\/wp\/v2\/categories?post=444"},{"taxonomy":"post_tag","embeddable":true,"href":"https:\/\/artigonews.com\/cs\/wp-json\/wp\/v2\/tags?post=444"}],"curies":[{"name":"wp","href":"https:\/\/api.w.org\/{rel}","templated":true}]}}