{"id":456,"date":"2022-09-13T22:10:00","date_gmt":"2022-09-13T22:10:00","guid":{"rendered":"https:\/\/artigonews.com\/?p=456"},"modified":"2026-03-04T22:12:07","modified_gmt":"2026-03-04T22:12:07","slug":"mobil-aglarin-evrimi-ve-gelecek-nesil-baglanti-teknolojilerinden-neler-bekleyebiliriz","status":"publish","type":"post","link":"https:\/\/artigonews.com\/tr\/a-evolucao-das-redes-moveis-e-o-que-esperar-das-proximas-geracoes-de-conectividade\/","title":{"rendered":"Mobil a\u011flar\u0131n evrimi ve gelecek nesil ba\u011flant\u0131 teknolojilerinden neler bekleyebiliriz?"},"content":{"rendered":"<p>Mobil ba\u011flant\u0131, insanlar\u0131n ileti\u015fim kurma, \u00e7al\u0131\u015fma ve bilgiye eri\u015fme bi\u00e7imlerini derinden de\u011fi\u015ftirdi. \u0130lk cep telefonlar\u0131ndan modern ak\u0131ll\u0131 telefonlara kadar, mobil a\u011flar\u0131n her nesli h\u0131z, kapasite ve ba\u011flant\u0131 kalitesinde \u00f6nemli ilerlemeler sa\u011flad\u0131. Bu evrim, video ak\u0131\u015f\u0131, ger\u00e7ek zamanl\u0131 uygulamalar ve bulut tabanl\u0131 platformlar gibi giderek daha karma\u015f\u0131k dijital hizmetlerin ortaya \u00e7\u0131kmas\u0131n\u0131 m\u00fcmk\u00fcn k\u0131ld\u0131.<\/p>\n\n\n\n<p>Teknoloji ilerledik\u00e7e, ba\u011flant\u0131ya y\u00f6nelik artan talebi kar\u015f\u0131lamak i\u00e7in yeni nesil a\u011flar geli\u015ftirilmeye devam ediyor. D\u00fcnyada milyarlarca ba\u011fl\u0131 cihazla, mobil a\u011flar\u0131n daha y\u00fcksek kapasite, daha d\u00fc\u015f\u00fck gecikme s\u00fcresi ve geleneksel internet kullan\u0131m\u0131n\u0131n \u00f6tesine ge\u00e7en uygulamalar\u0131 desteklemesi gerekiyor.<\/p>\n\n\n\n<h2 class=\"wp-block-heading\">Mobil a\u011flar\u0131n ilk nesilleri<\/h2>\n\n\n\n<p>\u0130lk mobil a\u011flar, \u00f6ncelikli olarak sesli ileti\u015fime odaklanarak ortaya \u00e7\u0131kt\u0131.<\/p>\n\n\n\n<p>Erken d\u00f6nem teknolojisi, mobil cihazlar aras\u0131nda yaln\u0131zca temel telefon g\u00f6r\u00fc\u015fmelerine olanak sa\u011fl\u0131yordu. Ses kalitesi ve kapsama alan\u0131 s\u0131n\u0131rl\u0131yd\u0131, ancak \u00f6nceki ileti\u015fim sistemlerine k\u0131yasla b\u00fcy\u00fck bir ilerlemeyi temsil ediyordu.<\/p>\n\n\n\n<p>Bu a\u011flar, modern mobil ileti\u015fimin ba\u015flang\u0131c\u0131n\u0131 i\u015faret etti.<\/p>\n\n\n\n<h2 class=\"wp-block-heading\">K\u0131sa mesajlar\u0131n geli\u015fi<\/h2>\n\n\n\n<p>Mobil a\u011flar\u0131n geli\u015fmesiyle birlikte, sesli g\u00f6r\u00fc\u015fmelere ek olarak yeni \u00f6zellikler ortaya \u00e7\u0131kt\u0131.<\/p>\n\n\n\n<p>K\u0131sa mesajla\u015fma, kullan\u0131c\u0131lar\u0131n cep telefonlar\u0131 aras\u0131nda k\u0131sa yaz\u0131l\u0131 mesajlar g\u00f6ndermesine olanak tan\u0131yan pop\u00fcler bir ileti\u015fim bi\u00e7imi haline geldi.<\/p>\n\n\n\n<p>Bu \u00f6zellik, mobil cihazlar\u0131n kullan\u0131m\u0131n\u0131 \u00f6nemli \u00f6l\u00e7\u00fcde geni\u015fletti.<\/p>\n\n\n\n<h2 class=\"wp-block-heading\">Mobil internetin tan\u0131t\u0131m\u0131<\/h2>\n\n\n\n<p>Sonraki nesiller internet eri\u015fimini do\u011frudan cep telefonlar\u0131na ta\u015f\u0131d\u0131.<\/p>\n\n\n\n<p>Ba\u015flang\u0131\u00e7ta h\u0131z olduk\u00e7a s\u0131n\u0131rl\u0131yd\u0131 ve yaln\u0131zca basit sayfalarda temel gezinmeye izin veriyordu.<\/p>\n\n\n\n<p>Bununla birlikte, bu de\u011fi\u015fim mobil cihazlarda \u00e7evrimi\u00e7i hizmetlerin geli\u015fmesinin \u00f6n\u00fcn\u00fc a\u00e7t\u0131.<\/p>\n\n\n\n<h2 class=\"wp-block-heading\">Ak\u0131ll\u0131 telefon geni\u015flemesi<\/h2>\n\n\n\n<p>Mobil a\u011flar\u0131n geli\u015fmesiyle birlikte ak\u0131ll\u0131 telefonlar giderek daha pop\u00fcler hale geldi.<\/p>\n\n\n\n<p>Daha geli\u015fmi\u015f cihazlar, uygulamalar, tam internet tarama ve multimedya \u00f6zellikleri sunmaya ba\u015flad\u0131.<\/p>\n\n\n\n<p>A\u011f altyap\u0131s\u0131n\u0131n bu yeni talebe ayak uydurabilmesi i\u00e7in geli\u015fmesi gerekiyordu.<\/p>\n\n\n\n<h2 class=\"wp-block-heading\">Daha h\u0131zl\u0131 ve daha istikrarl\u0131 a\u011flar<\/h2>\n\n\n\n<p>Mobil ba\u011flant\u0131 teknolojisinin en yeni nesilleri \u00e7ok daha y\u00fcksek h\u0131zlar sunmu\u015ftur.<\/p>\n\n\n\n<p>Bu sayede, daha \u00f6nce sabit bir ba\u011flant\u0131 gerektiren y\u00fcksek \u00e7\u00f6z\u00fcn\u00fcrl\u00fckl\u00fc videolar izlemek veya g\u00f6r\u00fcnt\u00fcl\u00fc g\u00f6r\u00fc\u015fme yapmak gibi faaliyetler ger\u00e7ekle\u015ftirilebilir hale geldi.<\/p>\n\n\n\n<p>Ba\u011flant\u0131 istikrar\u0131 da \u00f6nemli \u00f6l\u00e7\u00fcde iyile\u015fti.<\/p>\n\n\n\n<h2 class=\"wp-block-heading\">Gecikmenin \u00f6nemi<\/h2>\n\n\n\n<p>H\u0131z\u0131n yan\u0131 s\u0131ra, gecikme s\u00fcresi de mobil a\u011flarda \u00f6nemli bir fakt\u00f6r haline geldi.<\/p>\n\n\n\n<p>Gecikme s\u00fcresi, verilerin a\u011f \u00fczerindeki iki nokta aras\u0131nda iletilmesi i\u00e7in ge\u00e7en s\u00fcredir.<\/p>\n\n\n\n<p>Daha modern a\u011flar bu s\u00fcreyi k\u0131saltarak neredeyse anl\u0131k etkile\u015fimlere olanak tan\u0131yor.<\/p>\n\n\n\n<h2 class=\"wp-block-heading\">Veri trafi\u011finde b\u00fcy\u00fcme<\/h2>\n\n\n\n<p>Dijital uygulamalar\u0131n ve hizmetlerin kullan\u0131m\u0131n\u0131n artmas\u0131yla birlikte, mobil a\u011flar \u00fczerinden iletilen veri hacmi de h\u0131zla b\u00fcy\u00fcd\u00fc.<\/p>\n\n\n\n<p>Video yay\u0131nlar\u0131, \u00e7evrimi\u00e7i oyunlar ve sosyal medya b\u00fcy\u00fck miktarda trafik olu\u015fturmaktad\u0131r.<\/p>\n\n\n\n<p>Bu talebi kar\u015f\u0131lamak i\u00e7in a\u011flar\u0131n s\u00fcrekli olarak g\u00fcncellenmesi gerekiyor.<\/p>\n\n\n\n<h2 class=\"wp-block-heading\">Ak\u0131ll\u0131 cihazlar i\u00e7in ba\u011flant\u0131<\/h2>\n\n\n\n<p>Mobil a\u011flar art\u0131k sadece cep telefonlar\u0131n\u0131 de\u011fil, \u00e7ok daha fazlas\u0131n\u0131 birbirine ba\u011fl\u0131yor.<\/p>\n\n\n\n<p>Ak\u0131ll\u0131 cihazlar, sens\u00f6rler ve end\u00fcstriyel ekipmanlar ileti\u015fim kurmak i\u00e7in mobil a\u011flar\u0131 kullan\u0131r.<\/p>\n\n\n\n<p>Bu kavram, ba\u011flant\u0131l\u0131 cihazlar ekosistemi olarak adland\u0131r\u0131lan \u015feyin bir par\u00e7as\u0131d\u0131r.<\/p>\n\n\n\n<h2 class=\"wp-block-heading\">Daha geli\u015fmi\u015f anten altyap\u0131s\u0131<\/h2>\n\n\n\n<p>Yeni teknolojileri desteklemek i\u00e7in mobil a\u011f altyap\u0131s\u0131 da evrim ge\u00e7irdi.<\/p>\n\n\n\n<p>Daha modern antenler sinyalleri daha verimli bir \u015fekilde iletebilir ve daha fazla say\u0131da cihaz\u0131 destekleyebilir.<\/p>\n\n\n\n<p>Bu, a\u011f kapsama alan\u0131n\u0131 ve kapasitesini iyile\u015ftirir.<\/p>\n\n\n\n<h2 class=\"wp-block-heading\">Farkl\u0131 frekanslar\u0131n kullan\u0131m\u0131<\/h2>\n\n\n\n<p>Mobil a\u011flar, veri iletmek i\u00e7in farkl\u0131 frekans bantlar\u0131 kullan\u0131r.<\/p>\n\n\n\n<p>Baz\u0131 frekanslar daha geni\u015f menzil sunarken, di\u011ferleri daha y\u00fcksek h\u0131zlara olanak tan\u0131r.<\/p>\n\n\n\n<p>Bu frekans bantlar\u0131n\u0131n birle\u015fimi, kapsama alan\u0131 ve performans aras\u0131nda denge kurmaya yard\u0131mc\u0131 olur.<\/p>\n\n\n\n<h2 class=\"wp-block-heading\">Ger\u00e7ek zamanl\u0131 uygulamalar i\u00e7in destek<\/h2>\n\n\n\n<p>Daha h\u0131zl\u0131 ve daha istikrarl\u0131 a\u011flarla birlikte yeni uygulamalar ortaya \u00e7\u0131kmaya ba\u015flad\u0131.<\/p>\n\n\n\n<p>Video g\u00f6r\u00fc\u015fmeleri, canl\u0131 yay\u0131nlar ve etkile\u015fimli hizmetler ger\u00e7ek zamanl\u0131 ba\u011flant\u0131ya ba\u011fl\u0131d\u0131r.<\/p>\n\n\n\n<p>Bu uygulamalar d\u00fc\u015f\u00fck gecikme s\u00fcresine sahip a\u011flar gerektirir.<\/p>\n\n\n\n<h2 class=\"wp-block-heading\">Bulut bili\u015fimle entegrasyon<\/h2>\n\n\n\n<p>Mobil a\u011flar\u0131n evrimi, bulut hizmetleriyle entegrasyonu da kolayla\u015ft\u0131rmaktad\u0131r.<\/p>\n\n\n\n<p>Cihazlar, uzak sistemlere h\u0131zl\u0131 bir \u015fekilde eri\u015febilir ve bu sayede i\u015flem ve depolama i\u015flemleri cihaz d\u0131\u015f\u0131nda ger\u00e7ekle\u015ftirilebilir.<\/p>\n\n\n\n<p>Bu, mobil cihazlar\u0131n yeteneklerini geni\u015fletiyor.<\/p>\n\n\n\n<h2 class=\"wp-block-heading\">k\u00fcresel ba\u011flant\u0131n\u0131n geni\u015flemesi<\/h2>\n\n\n\n<p>Modern mobil a\u011flar, sabit altyap\u0131n\u0131n s\u0131n\u0131rl\u0131 oldu\u011fu b\u00f6lgelerde internet eri\u015fimini geni\u015fletmeye yard\u0131mc\u0131 oluyor.<\/p>\n\n\n\n<p>Bir\u00e7ok yerde mobil ba\u011flant\u0131, internete eri\u015fmenin ba\u015fl\u0131ca yolu haline geldi.<\/p>\n\n\n\n<p>Bu, dijital kapsay\u0131c\u0131l\u0131\u011fa katk\u0131da bulunur.<\/p>\n\n\n\n<h2 class=\"wp-block-heading\">Yeni teknolojilere haz\u0131rlanmak<\/h2>\n\n\n\n<p>Yeni nesil ba\u011flant\u0131 teknolojileri, geli\u015fmekte olan teknolojileri destekleyecek \u015fekilde tasarlan\u0131yor.<\/p>\n\n\n\n<p>Art\u0131r\u0131lm\u0131\u015f ger\u00e7eklik, ba\u011flant\u0131l\u0131 ara\u00e7lar ve ak\u0131ll\u0131 \u015fehirler, d\u00fc\u015f\u00fck gecikmeyle b\u00fcy\u00fck miktarda veri iletebilen a\u011flara ba\u011fl\u0131d\u0131r.<\/p>\n\n\n\n<p>Bu uygulamalar geli\u015fmi\u015f altyap\u0131 gerektirir.<\/p>\n\n\n\n<h2 class=\"wp-block-heading\">Spektrumun kullan\u0131m\u0131nda daha y\u00fcksek verimlilik.<\/h2>\n\n\n\n<p>Radyo frekans spektrumu s\u0131n\u0131rl\u0131 bir kaynakt\u0131r.<\/p>\n\n\n\n<p>Yeni teknolojiler, bu spektrumu daha verimli kullanmay\u0131 ve ayn\u0131 frekans bantlar\u0131nda daha fazla veri iletilmesini sa\u011flamay\u0131 ama\u00e7lamaktad\u0131r.<\/p>\n\n\n\n<p>Bu, a\u011f kapasitesini art\u0131r\u0131r.<\/p>\n\n\n\n<h2 class=\"wp-block-heading\">Altyap\u0131n\u0131n s\u00fcrekli evrimi<\/h2>\n\n\n\n<p>Telekom\u00fcnikasyon operat\u00f6rleri yeni a\u011f teknolojilerine yat\u0131r\u0131m yapmaya devam ediyor.<\/p>\n\n\n\n<p>Artan talebi kar\u015f\u0131lamak i\u00e7in ekipman y\u00fckseltmeleri, kapsama alan\u0131n\u0131n geni\u015fletilmesi ve altyap\u0131n\u0131n modernizasyonu gereklidir.<\/p>\n\n\n\n<p>Bu s\u00fcre\u00e7 devam etmektedir.<\/p>\n\n\n\n<h2 class=\"wp-block-heading\">Ara\u00e7lar ve ula\u015f\u0131m i\u00e7in ba\u011flant\u0131<\/h2>\n\n\n\n<p>Mobil ba\u011flant\u0131, ula\u015f\u0131m sistemlerine de entegre ediliyor.<\/p>\n\n\n\n<p>Ba\u011flant\u0131l\u0131 ara\u00e7lar trafik, g\u00fcvenlik ve navigasyon hakk\u0131nda bilgi payla\u015fabilir.<\/p>\n\n\n\n<p>Bu sistemler h\u0131zl\u0131 ve g\u00fcvenilir a\u011flara ba\u011fl\u0131d\u0131r.<\/p>\n\n\n\n<h2 class=\"wp-block-heading\">Milyarlarca cihaz i\u00e7in haz\u0131rl\u0131k yap\u0131lm\u0131\u015f a\u011flar.<\/h2>\n\n\n\n<p>\u0130nternete ba\u011fl\u0131 cihaz say\u0131s\u0131 artmaya devam ediyor.<\/p>\n\n\n\n<p>Sens\u00f6rler, ak\u0131ll\u0131 ev aletleri, giyilebilir cihazlar ve end\u00fcstriyel ekipmanlar bu ekosistemin bir par\u00e7as\u0131d\u0131r.<\/p>\n\n\n\n<p>Gelece\u011fin a\u011flar\u0131 bu muazzam say\u0131daki ba\u011flant\u0131y\u0131 desteklemek zorunda.<\/p>\n\n\n\n<h2 class=\"wp-block-heading\">Mobil ba\u011flant\u0131n\u0131n gelece\u011fi<\/h2>\n\n\n\n<p>Mobil a\u011flar\u0131n evrimi, ba\u011flant\u0131n\u0131n dijital toplum i\u00e7in nas\u0131l temel bir altyap\u0131 haline geldi\u011fini g\u00f6stermektedir. Her yeni teknoloji nesli, ileti\u015fim, bilgiye eri\u015fim ve yeni hizmetlerin geli\u015ftirilmesi i\u00e7in olanaklar\u0131 geni\u015fletmektedir. A\u011flar geli\u015fmeye devam ettik\u00e7e, ba\u011flant\u0131n\u0131n daha da h\u0131zl\u0131, ak\u0131ll\u0131 ve g\u00fcnl\u00fck hayata daha entegre olmas\u0131, daha geli\u015fmi\u015f dijital deneyimler sa\u011flamas\u0131 ve insanlar\u0131, cihazlar\u0131 ve sistemleri k\u00fcresel \u00f6l\u00e7ekte birbirine ba\u011flamas\u0131 beklenmektedir.<\/p>","protected":false},"excerpt":{"rendered":"<p>A conectividade m\u00f3vel transformou profundamente a forma como as pessoas se comunicam, trabalham e acessam informa\u00e7\u00f5es. Desde os primeiros celulares at\u00e9 os smartphones modernos, cada gera\u00e7\u00e3o de redes m\u00f3veis trouxe avan\u00e7os significativos em velocidade, capacidade e qualidade de conex\u00e3o. Essa evolu\u00e7\u00e3o permitiu o surgimento de servi\u00e7os digitais cada vez mais complexos, como streaming de v\u00eddeo, [&hellip;]<\/p>\n","protected":false},"author":1,"featured_media":457,"comment_status":"open","ping_status":"open","sticky":false,"template":"","format":"standard","meta":{"footnotes":""},"categories":[31],"tags":[],"class_list":{"0":"post-456","1":"post","2":"type-post","3":"status-publish","4":"format-standard","5":"has-post-thumbnail","7":"category-tecnologia"},"_links":{"self":[{"href":"https:\/\/artigonews.com\/tr\/wp-json\/wp\/v2\/posts\/456","targetHints":{"allow":["GET"]}}],"collection":[{"href":"https:\/\/artigonews.com\/tr\/wp-json\/wp\/v2\/posts"}],"about":[{"href":"https:\/\/artigonews.com\/tr\/wp-json\/wp\/v2\/types\/post"}],"author":[{"embeddable":true,"href":"https:\/\/artigonews.com\/tr\/wp-json\/wp\/v2\/users\/1"}],"replies":[{"embeddable":true,"href":"https:\/\/artigonews.com\/tr\/wp-json\/wp\/v2\/comments?post=456"}],"version-history":[{"count":1,"href":"https:\/\/artigonews.com\/tr\/wp-json\/wp\/v2\/posts\/456\/revisions"}],"predecessor-version":[{"id":458,"href":"https:\/\/artigonews.com\/tr\/wp-json\/wp\/v2\/posts\/456\/revisions\/458"}],"wp:featuredmedia":[{"embeddable":true,"href":"https:\/\/artigonews.com\/tr\/wp-json\/wp\/v2\/media\/457"}],"wp:attachment":[{"href":"https:\/\/artigonews.com\/tr\/wp-json\/wp\/v2\/media?parent=456"}],"wp:term":[{"taxonomy":"category","embeddable":true,"href":"https:\/\/artigonews.com\/tr\/wp-json\/wp\/v2\/categories?post=456"},{"taxonomy":"post_tag","embeddable":true,"href":"https:\/\/artigonews.com\/tr\/wp-json\/wp\/v2\/tags?post=456"}],"curies":[{"name":"wp","href":"https:\/\/api.w.org\/{rel}","templated":true}]}}